{"id":2158,"date":"2025-09-26T12:06:00","date_gmt":"2025-09-26T12:06:00","guid":{"rendered":"https:\/\/institutoanastacio.com\/?p=2158"},"modified":"2026-02-06T18:56:25","modified_gmt":"2026-02-06T18:56:25","slug":"feira-cultural-do-projeto-educando-para-a-vida-estimula-criatividade-e-aprendizado-dos-alunos","status":"publish","type":"post","link":"https:\/\/institutoanastacio.com\/es\/2025\/09\/26\/feira-cultural-do-projeto-educando-para-a-vida-estimula-criatividade-e-aprendizado-dos-alunos\/","title":{"rendered":"Feira Cultural do Projeto\u00a0Educando para a Vida\u00a0estimula criatividade e aprendizado dos alunos"},"content":{"rendered":"<p>No dia\u00a0<strong>26 de setembro<\/strong>, o Instituto Anastacio realizou mais uma edi\u00e7\u00e3o da\u00a0<strong>Feira Cultural do projeto Educando para a Vida<\/strong>\u00a0\u2014 um momento de celebra\u00e7\u00e3o do conhecimento, da arte e da criatividade dos alunos participantes.<\/p>\n\n\n\n<p>Durante o evento, os estudantes apresentaram\u00a0<strong>projetos, maquetes e cartazes<\/strong>\u00a0sobre temas diversos, como\u00a0<strong>literatura, arte, ecologia, tecnologia e o uso da intelig\u00eancia artificial<\/strong>, entre outros. Cada trabalho refletiu o empenho e o aprendizado desenvolvido ao longo do bimestre, revelando a evolu\u00e7\u00e3o dos alunos em diferentes \u00e1reas do conhecimento.<\/p>\n\n\n\n<p>Al\u00e9m de marcar o\u00a0<strong>encerramento de mais um bimestre letivo<\/strong>, a feira \u00e9 uma importante oportunidade para que os alunos compartilhem seus resultados com os\u00a0<strong>familiares e a comunidade<\/strong>, fortalecendo o v\u00ednculo entre escola e fam\u00edlia. O momento tamb\u00e9m estimula habilidades essenciais, como\u00a0<strong>orat\u00f3ria, criatividade e trabalho em equipe<\/strong>, pilares fundamentais do processo educativo promovido pelo Instituto Anastacio.<\/p>\n\n\n\n<p>A iniciativa refor\u00e7a o compromisso do projeto\u00a0<em>Educando para a Vida<\/em>\u00a0em proporcionar experi\u00eancias transformadoras, que v\u00e3o al\u00e9m da sala de aula, despertando nos alunos o prazer de aprender e o desejo de construir um futuro melhor por meio da educa\u00e7\u00e3o.<\/p>\n\n\n\n<figure class=\"wp-block-image size-large\"><img fetchpriority=\"high\" decoding=\"async\" width=\"1024\" height=\"768\" src=\"https:\/\/institutoanastacio.com\/wp-content\/uploads\/2025\/10\/IMG-20251007-WA0058-1024x768.jpg\" alt=\"\" class=\"wp-image-2160\" srcset=\"https:\/\/institutoanastacio.com\/wp-content\/uploads\/2025\/10\/IMG-20251007-WA0058-1024x768.jpg 1024w, https:\/\/institutoanastacio.com\/wp-content\/uploads\/2025\/10\/IMG-20251007-WA0058-300x225.jpg 300w, https:\/\/institutoanastacio.com\/wp-content\/uploads\/2025\/10\/IMG-20251007-WA0058-768x576.jpg 768w, https:\/\/institutoanastacio.com\/wp-content\/uploads\/2025\/10\/IMG-20251007-WA0058-1536x1152.jpg 1536w, https:\/\/institutoanastacio.com\/wp-content\/uploads\/2025\/10\/IMG-20251007-WA0058-16x12.jpg 16w, https:\/\/institutoanastacio.com\/wp-content\/uploads\/2025\/10\/IMG-20251007-WA0058.jpg 1600w\" sizes=\"(max-width: 1024px) 100vw, 1024px\" \/><\/figure>\n\n\n\n<figure class=\"wp-block-image size-large\"><img decoding=\"async\" width=\"1024\" height=\"768\" src=\"https:\/\/institutoanastacio.com\/wp-content\/uploads\/2025\/10\/IMG-20251007-WA0062-1024x768.jpg\" alt=\"\" class=\"wp-image-2161\" srcset=\"https:\/\/institutoanastacio.com\/wp-content\/uploads\/2025\/10\/IMG-20251007-WA0062-1024x768.jpg 1024w, https:\/\/institutoanastacio.com\/wp-content\/uploads\/2025\/10\/IMG-20251007-WA0062-300x225.jpg 300w, https:\/\/institutoanastacio.com\/wp-content\/uploads\/2025\/10\/IMG-20251007-WA0062-768x576.jpg 768w, https:\/\/institutoanastacio.com\/wp-content\/uploads\/2025\/10\/IMG-20251007-WA0062-1536x1152.jpg 1536w, https:\/\/institutoanastacio.com\/wp-content\/uploads\/2025\/10\/IMG-20251007-WA0062-16x12.jpg 16w, https:\/\/institutoanastacio.com\/wp-content\/uploads\/2025\/10\/IMG-20251007-WA0062.jpg 1600w\" sizes=\"(max-width: 1024px) 100vw, 1024px\" \/><\/figure>\n\n\n\n<figure class=\"wp-block-image size-large\"><img decoding=\"async\" width=\"1024\" height=\"768\" src=\"https:\/\/institutoanastacio.com\/wp-content\/uploads\/2025\/10\/IMG-20251007-WA0063-1024x768.jpg\" alt=\"\" class=\"wp-image-2162\" srcset=\"https:\/\/institutoanastacio.com\/wp-content\/uploads\/2025\/10\/IMG-20251007-WA0063-1024x768.jpg 1024w, https:\/\/institutoanastacio.com\/wp-content\/uploads\/2025\/10\/IMG-20251007-WA0063-300x225.jpg 300w, https:\/\/institutoanastacio.com\/wp-content\/uploads\/2025\/10\/IMG-20251007-WA0063-768x576.jpg 768w, https:\/\/institutoanastacio.com\/wp-content\/uploads\/2025\/10\/IMG-20251007-WA0063-1536x1152.jpg 1536w, https:\/\/institutoanastacio.com\/wp-content\/uploads\/2025\/10\/IMG-20251007-WA0063-16x12.jpg 16w, https:\/\/institutoanastacio.com\/wp-content\/uploads\/2025\/10\/IMG-20251007-WA0063.jpg 1600w\" sizes=\"(max-width: 1024px) 100vw, 1024px\" \/><\/figure>\n\n\n\n<p><\/p>","protected":false},"excerpt":{"rendered":"<p>No dia\u00a026 de setembro, o Instituto Anastacio realizou mais uma edi\u00e7\u00e3o da\u00a0Feira Cultural do projeto Educando para a Vida\u00a0\u2014 um momento de celebra\u00e7\u00e3o do conhecimento, da arte e da criatividade dos alunos participantes. Durante o evento, os estudantes apresentaram\u00a0projetos, maquetes e cartazes\u00a0sobre temas diversos, como\u00a0literatura, arte, ecologia, tecnologia e o uso da intelig\u00eancia artificial, entre [&hellip;]<\/p>","protected":false},"author":2,"featured_media":2159,"comment_status":"closed","ping_status":"closed","sticky":false,"template":"","format":"standard","meta":{"footnotes":""},"categories":[56],"tags":[],"eventos-futuros":[],"class_list":["post-2158","post","type-post","status-publish","format-standard","has-post-thumbnail","hentry","category-news"],"yoast_head":"<!-- This site is optimized with the Yoast SEO Premium plugin v22.0 (Yoast SEO v25.3) - https:\/\/yoast.com\/wordpress\/plugins\/seo\/ -->\n<title>Feira Cultural do Projeto\u00a0Educando para a Vida\u00a0estimula criatividade e aprendizado dos alunos - Instituto Anastacio<\/title>\n<meta name=\"robots\" content=\"index, follow, max-snippet:-1, max-image-preview:large, max-video-preview:-1\" \/>\n<link rel=\"canonical\" href=\"https:\/\/institutoanastacio.com\/es\/2025\/09\/26\/feira-cultural-do-projeto-educando-para-a-vida-estimula-criatividade-e-aprendizado-dos-alunos\/\" \/>\n<meta property=\"og:locale\" content=\"es_ES\" \/>\n<meta property=\"og:type\" content=\"article\" \/>\n<meta property=\"og:title\" content=\"Feira Cultural do Projeto\u00a0Educando para a Vida\u00a0estimula criatividade e aprendizado dos alunos\" \/>\n<meta property=\"og:description\" content=\"No dia\u00a026 de setembro, o Instituto Anastacio realizou mais uma edi\u00e7\u00e3o da\u00a0Feira Cultural do projeto Educando para a Vida\u00a0\u2014 um momento de celebra\u00e7\u00e3o do conhecimento, da arte e da criatividade dos alunos participantes. Durante o evento, os estudantes apresentaram\u00a0projetos, maquetes e cartazes\u00a0sobre temas diversos, como\u00a0literatura, arte, ecologia, tecnologia e o uso da intelig\u00eancia artificial, entre [&hellip;]\" \/>\n<meta property=\"og:url\" content=\"https:\/\/institutoanastacio.com\/es\/2025\/09\/26\/feira-cultural-do-projeto-educando-para-a-vida-estimula-criatividade-e-aprendizado-dos-alunos\/\" \/>\n<meta property=\"og:site_name\" content=\"Instituto Anastacio\" \/>\n<meta property=\"article:publisher\" content=\"https:\/\/www.facebook.com\/quimicaanastacio\/\" \/>\n<meta property=\"article:published_time\" content=\"2025-09-26T12:06:00+00:00\" \/>\n<meta property=\"article:modified_time\" content=\"2026-02-06T18:56:25+00:00\" \/>\n<meta property=\"og:image\" content=\"https:\/\/institutoanastacio.com\/wp-content\/uploads\/2025\/10\/Feira-Cultural-3.jpg\" \/>\n\t<meta property=\"og:image:width\" content=\"1600\" \/>\n\t<meta property=\"og:image:height\" content=\"1200\" \/>\n\t<meta property=\"og:image:type\" content=\"image\/jpeg\" \/>\n<meta name=\"author\" content=\"Deepocean\" \/>\n<meta name=\"twitter:card\" content=\"summary_large_image\" \/>\n<meta name=\"twitter:label1\" content=\"Escrito por\" \/>\n\t<meta name=\"twitter:data1\" content=\"Deepocean\" \/>\n\t<meta name=\"twitter:label2\" content=\"Tiempo de lectura\" \/>\n\t<meta name=\"twitter:data2\" content=\"2 minutos\" \/>\n<script type=\"application\/ld+json\" class=\"yoast-schema-graph\">{\"@context\":\"https:\/\/schema.org\",\"@graph\":[{\"@type\":\"Article\",\"@id\":\"https:\/\/institutoanastacio.com\/2025\/09\/26\/feira-cultural-do-projeto-educando-para-a-vida-estimula-criatividade-e-aprendizado-dos-alunos\/#article\",\"isPartOf\":{\"@id\":\"https:\/\/institutoanastacio.com\/2025\/09\/26\/feira-cultural-do-projeto-educando-para-a-vida-estimula-criatividade-e-aprendizado-dos-alunos\/\"},\"author\":{\"name\":\"Deepocean\",\"@id\":\"https:\/\/institutoanastacio.com\/#\/schema\/person\/3c67bf9c3a37cd0f59addb1f5f5a5237\"},\"headline\":\"Feira Cultural do Projeto\u00a0Educando para a Vida\u00a0estimula criatividade e aprendizado dos alunos\",\"datePublished\":\"2025-09-26T12:06:00+00:00\",\"dateModified\":\"2026-02-06T18:56:25+00:00\",\"mainEntityOfPage\":{\"@id\":\"https:\/\/institutoanastacio.com\/2025\/09\/26\/feira-cultural-do-projeto-educando-para-a-vida-estimula-criatividade-e-aprendizado-dos-alunos\/\"},\"wordCount\":209,\"publisher\":{\"@id\":\"https:\/\/institutoanastacio.com\/#organization\"},\"image\":{\"@id\":\"https:\/\/institutoanastacio.com\/2025\/09\/26\/feira-cultural-do-projeto-educando-para-a-vida-estimula-criatividade-e-aprendizado-dos-alunos\/#primaryimage\"},\"thumbnailUrl\":\"https:\/\/institutoanastacio.com\/wp-content\/uploads\/2025\/10\/Feira-Cultural-3.jpg\",\"articleSection\":[\"News\"],\"inLanguage\":\"es\"},{\"@type\":\"WebPage\",\"@id\":\"https:\/\/institutoanastacio.com\/2025\/09\/26\/feira-cultural-do-projeto-educando-para-a-vida-estimula-criatividade-e-aprendizado-dos-alunos\/\",\"url\":\"https:\/\/institutoanastacio.com\/2025\/09\/26\/feira-cultural-do-projeto-educando-para-a-vida-estimula-criatividade-e-aprendizado-dos-alunos\/\",\"name\":\"Feira Cultural do Projeto\u00a0Educando para a Vida\u00a0estimula criatividade e aprendizado dos alunos - Instituto Anastacio\",\"isPartOf\":{\"@id\":\"https:\/\/institutoanastacio.com\/#website\"},\"primaryImageOfPage\":{\"@id\":\"https:\/\/institutoanastacio.com\/2025\/09\/26\/feira-cultural-do-projeto-educando-para-a-vida-estimula-criatividade-e-aprendizado-dos-alunos\/#primaryimage\"},\"image\":{\"@id\":\"https:\/\/institutoanastacio.com\/2025\/09\/26\/feira-cultural-do-projeto-educando-para-a-vida-estimula-criatividade-e-aprendizado-dos-alunos\/#primaryimage\"},\"thumbnailUrl\":\"https:\/\/institutoanastacio.com\/wp-content\/uploads\/2025\/10\/Feira-Cultural-3.jpg\",\"datePublished\":\"2025-09-26T12:06:00+00:00\",\"dateModified\":\"2026-02-06T18:56:25+00:00\",\"breadcrumb\":{\"@id\":\"https:\/\/institutoanastacio.com\/2025\/09\/26\/feira-cultural-do-projeto-educando-para-a-vida-estimula-criatividade-e-aprendizado-dos-alunos\/#breadcrumb\"},\"inLanguage\":\"es\",\"potentialAction\":[{\"@type\":\"ReadAction\",\"target\":[\"https:\/\/institutoanastacio.com\/2025\/09\/26\/feira-cultural-do-projeto-educando-para-a-vida-estimula-criatividade-e-aprendizado-dos-alunos\/\"]}]},{\"@type\":\"ImageObject\",\"inLanguage\":\"es\",\"@id\":\"https:\/\/institutoanastacio.com\/2025\/09\/26\/feira-cultural-do-projeto-educando-para-a-vida-estimula-criatividade-e-aprendizado-dos-alunos\/#primaryimage\",\"url\":\"https:\/\/institutoanastacio.com\/wp-content\/uploads\/2025\/10\/Feira-Cultural-3.jpg\",\"contentUrl\":\"https:\/\/institutoanastacio.com\/wp-content\/uploads\/2025\/10\/Feira-Cultural-3.jpg\",\"width\":1600,\"height\":1200},{\"@type\":\"BreadcrumbList\",\"@id\":\"https:\/\/institutoanastacio.com\/2025\/09\/26\/feira-cultural-do-projeto-educando-para-a-vida-estimula-criatividade-e-aprendizado-dos-alunos\/#breadcrumb\",\"itemListElement\":[{\"@type\":\"ListItem\",\"position\":1,\"name\":\"Home\",\"item\":\"https:\/\/institutoanastacio.com\/\"},{\"@type\":\"ListItem\",\"position\":2,\"name\":\"Feira Cultural do Projeto\u00a0Educando para a Vida\u00a0estimula criatividade e aprendizado dos alunos\"}]},{\"@type\":\"WebSite\",\"@id\":\"https:\/\/institutoanastacio.com\/#website\",\"url\":\"https:\/\/institutoanastacio.com\/\",\"name\":\"Instituto Anastacio\",\"description\":\"Conectar e transformar \u00e9 a nossa qu\u00edmica.\",\"publisher\":{\"@id\":\"https:\/\/institutoanastacio.com\/#organization\"},\"potentialAction\":[{\"@type\":\"SearchAction\",\"target\":{\"@type\":\"EntryPoint\",\"urlTemplate\":\"https:\/\/institutoanastacio.com\/?s={search_term_string}\"},\"query-input\":{\"@type\":\"PropertyValueSpecification\",\"valueRequired\":true,\"valueName\":\"search_term_string\"}}],\"inLanguage\":\"es\"},{\"@type\":\"Organization\",\"@id\":\"https:\/\/institutoanastacio.com\/#organization\",\"name\":\"Instituto Anastacio\",\"url\":\"https:\/\/institutoanastacio.com\/\",\"logo\":{\"@type\":\"ImageObject\",\"inLanguage\":\"es\",\"@id\":\"https:\/\/institutoanastacio.com\/#\/schema\/logo\/image\/\",\"url\":\"https:\/\/institutoanastacio.com\/wp-content\/uploads\/2023\/11\/Sem-Titulo-7.png\",\"contentUrl\":\"https:\/\/institutoanastacio.com\/wp-content\/uploads\/2023\/11\/Sem-Titulo-7.png\",\"width\":209,\"height\":63,\"caption\":\"Instituto Anastacio\"},\"image\":{\"@id\":\"https:\/\/institutoanastacio.com\/#\/schema\/logo\/image\/\"},\"sameAs\":[\"https:\/\/www.facebook.com\/quimicaanastacio\/\",\"https:\/\/www.youtube.com\/channel\/UCburaLM-iHKEJ1QESrXzi3w\",\"https:\/\/www.instagram.com\/quimicaanastacio\/\"]},{\"@type\":\"Person\",\"@id\":\"https:\/\/institutoanastacio.com\/#\/schema\/person\/3c67bf9c3a37cd0f59addb1f5f5a5237\",\"name\":\"Deepocean\",\"image\":{\"@type\":\"ImageObject\",\"inLanguage\":\"es\",\"@id\":\"https:\/\/institutoanastacio.com\/#\/schema\/person\/image\/\",\"url\":\"https:\/\/secure.gravatar.com\/avatar\/add63df29653f1f1ebdbb42266438fa4ad8bed7bc96dcc80e80425428959514c?s=96&d=mm&r=g\",\"contentUrl\":\"https:\/\/secure.gravatar.com\/avatar\/add63df29653f1f1ebdbb42266438fa4ad8bed7bc96dcc80e80425428959514c?s=96&d=mm&r=g\",\"caption\":\"Deepocean\"},\"url\":\"https:\/\/institutoanastacio.com\/es\/author\/deepocean\/\"}]}<\/script>\n<!-- \/ Yoast SEO Premium plugin. -->","yoast_head_json":{"title":"Feira Cultural do Projeto\u00a0Educando para a Vida\u00a0estimula criatividade e aprendizado dos alunos - Instituto Anastacio","robots":{"index":"index","follow":"follow","max-snippet":"max-snippet:-1","max-image-preview":"max-image-preview:large","max-video-preview":"max-video-preview:-1"},"canonical":"https:\/\/institutoanastacio.com\/es\/2025\/09\/26\/feira-cultural-do-projeto-educando-para-a-vida-estimula-criatividade-e-aprendizado-dos-alunos\/","og_locale":"es_ES","og_type":"article","og_title":"Feira Cultural do Projeto\u00a0Educando para a Vida\u00a0estimula criatividade e aprendizado dos alunos","og_description":"No dia\u00a026 de setembro, o Instituto Anastacio realizou mais uma edi\u00e7\u00e3o da\u00a0Feira Cultural do projeto Educando para a Vida\u00a0\u2014 um momento de celebra\u00e7\u00e3o do conhecimento, da arte e da criatividade dos alunos participantes. Durante o evento, os estudantes apresentaram\u00a0projetos, maquetes e cartazes\u00a0sobre temas diversos, como\u00a0literatura, arte, ecologia, tecnologia e o uso da intelig\u00eancia artificial, entre [&hellip;]","og_url":"https:\/\/institutoanastacio.com\/es\/2025\/09\/26\/feira-cultural-do-projeto-educando-para-a-vida-estimula-criatividade-e-aprendizado-dos-alunos\/","og_site_name":"Instituto Anastacio","article_publisher":"https:\/\/www.facebook.com\/quimicaanastacio\/","article_published_time":"2025-09-26T12:06:00+00:00","article_modified_time":"2026-02-06T18:56:25+00:00","og_image":[{"width":1600,"height":1200,"url":"https:\/\/institutoanastacio.com\/wp-content\/uploads\/2025\/10\/Feira-Cultural-3.jpg","type":"image\/jpeg"}],"author":"Deepocean","twitter_card":"summary_large_image","twitter_misc":{"Escrito por":"Deepocean","Tiempo de lectura":"2 minutos"},"schema":{"@context":"https:\/\/schema.org","@graph":[{"@type":"Article","@id":"https:\/\/institutoanastacio.com\/2025\/09\/26\/feira-cultural-do-projeto-educando-para-a-vida-estimula-criatividade-e-aprendizado-dos-alunos\/#article","isPartOf":{"@id":"https:\/\/institutoanastacio.com\/2025\/09\/26\/feira-cultural-do-projeto-educando-para-a-vida-estimula-criatividade-e-aprendizado-dos-alunos\/"},"author":{"name":"Deepocean","@id":"https:\/\/institutoanastacio.com\/#\/schema\/person\/3c67bf9c3a37cd0f59addb1f5f5a5237"},"headline":"Feira Cultural do Projeto\u00a0Educando para a Vida\u00a0estimula criatividade e aprendizado dos alunos","datePublished":"2025-09-26T12:06:00+00:00","dateModified":"2026-02-06T18:56:25+00:00","mainEntityOfPage":{"@id":"https:\/\/institutoanastacio.com\/2025\/09\/26\/feira-cultural-do-projeto-educando-para-a-vida-estimula-criatividade-e-aprendizado-dos-alunos\/"},"wordCount":209,"publisher":{"@id":"https:\/\/institutoanastacio.com\/#organization"},"image":{"@id":"https:\/\/institutoanastacio.com\/2025\/09\/26\/feira-cultural-do-projeto-educando-para-a-vida-estimula-criatividade-e-aprendizado-dos-alunos\/#primaryimage"},"thumbnailUrl":"https:\/\/institutoanastacio.com\/wp-content\/uploads\/2025\/10\/Feira-Cultural-3.jpg","articleSection":["News"],"inLanguage":"es"},{"@type":"WebPage","@id":"https:\/\/institutoanastacio.com\/2025\/09\/26\/feira-cultural-do-projeto-educando-para-a-vida-estimula-criatividade-e-aprendizado-dos-alunos\/","url":"https:\/\/institutoanastacio.com\/2025\/09\/26\/feira-cultural-do-projeto-educando-para-a-vida-estimula-criatividade-e-aprendizado-dos-alunos\/","name":"Feira Cultural do Projeto\u00a0Educando para a Vida\u00a0estimula criatividade e aprendizado dos alunos - Instituto Anastacio","isPartOf":{"@id":"https:\/\/institutoanastacio.com\/#website"},"primaryImageOfPage":{"@id":"https:\/\/institutoanastacio.com\/2025\/09\/26\/feira-cultural-do-projeto-educando-para-a-vida-estimula-criatividade-e-aprendizado-dos-alunos\/#primaryimage"},"image":{"@id":"https:\/\/institutoanastacio.com\/2025\/09\/26\/feira-cultural-do-projeto-educando-para-a-vida-estimula-criatividade-e-aprendizado-dos-alunos\/#primaryimage"},"thumbnailUrl":"https:\/\/institutoanastacio.com\/wp-content\/uploads\/2025\/10\/Feira-Cultural-3.jpg","datePublished":"2025-09-26T12:06:00+00:00","dateModified":"2026-02-06T18:56:25+00:00","breadcrumb":{"@id":"https:\/\/institutoanastacio.com\/2025\/09\/26\/feira-cultural-do-projeto-educando-para-a-vida-estimula-criatividade-e-aprendizado-dos-alunos\/#breadcrumb"},"inLanguage":"es","potentialAction":[{"@type":"ReadAction","target":["https:\/\/institutoanastacio.com\/2025\/09\/26\/feira-cultural-do-projeto-educando-para-a-vida-estimula-criatividade-e-aprendizado-dos-alunos\/"]}]},{"@type":"ImageObject","inLanguage":"es","@id":"https:\/\/institutoanastacio.com\/2025\/09\/26\/feira-cultural-do-projeto-educando-para-a-vida-estimula-criatividade-e-aprendizado-dos-alunos\/#primaryimage","url":"https:\/\/institutoanastacio.com\/wp-content\/uploads\/2025\/10\/Feira-Cultural-3.jpg","contentUrl":"https:\/\/institutoanastacio.com\/wp-content\/uploads\/2025\/10\/Feira-Cultural-3.jpg","width":1600,"height":1200},{"@type":"BreadcrumbList","@id":"https:\/\/institutoanastacio.com\/2025\/09\/26\/feira-cultural-do-projeto-educando-para-a-vida-estimula-criatividade-e-aprendizado-dos-alunos\/#breadcrumb","itemListElement":[{"@type":"ListItem","position":1,"name":"Home","item":"https:\/\/institutoanastacio.com\/"},{"@type":"ListItem","position":2,"name":"Feira Cultural do Projeto\u00a0Educando para a Vida\u00a0estimula criatividade e aprendizado dos alunos"}]},{"@type":"WebSite","@id":"https:\/\/institutoanastacio.com\/#website","url":"https:\/\/institutoanastacio.com\/","name":"Instituto Anastacio","description":"Conectar e transformar \u00e9 a nossa qu\u00edmica.","publisher":{"@id":"https:\/\/institutoanastacio.com\/#organization"},"potentialAction":[{"@type":"SearchAction","target":{"@type":"EntryPoint","urlTemplate":"https:\/\/institutoanastacio.com\/?s={search_term_string}"},"query-input":{"@type":"PropertyValueSpecification","valueRequired":true,"valueName":"search_term_string"}}],"inLanguage":"es"},{"@type":"Organization","@id":"https:\/\/institutoanastacio.com\/#organization","name":"Instituto Anastacio","url":"https:\/\/institutoanastacio.com\/","logo":{"@type":"ImageObject","inLanguage":"es","@id":"https:\/\/institutoanastacio.com\/#\/schema\/logo\/image\/","url":"https:\/\/institutoanastacio.com\/wp-content\/uploads\/2023\/11\/Sem-Titulo-7.png","contentUrl":"https:\/\/institutoanastacio.com\/wp-content\/uploads\/2023\/11\/Sem-Titulo-7.png","width":209,"height":63,"caption":"Instituto Anastacio"},"image":{"@id":"https:\/\/institutoanastacio.com\/#\/schema\/logo\/image\/"},"sameAs":["https:\/\/www.facebook.com\/quimicaanastacio\/","https:\/\/www.youtube.com\/channel\/UCburaLM-iHKEJ1QESrXzi3w","https:\/\/www.instagram.com\/quimicaanastacio\/"]},{"@type":"Person","@id":"https:\/\/institutoanastacio.com\/#\/schema\/person\/3c67bf9c3a37cd0f59addb1f5f5a5237","name":"Deepocean","image":{"@type":"ImageObject","inLanguage":"es","@id":"https:\/\/institutoanastacio.com\/#\/schema\/person\/image\/","url":"https:\/\/secure.gravatar.com\/avatar\/add63df29653f1f1ebdbb42266438fa4ad8bed7bc96dcc80e80425428959514c?s=96&d=mm&r=g","contentUrl":"https:\/\/secure.gravatar.com\/avatar\/add63df29653f1f1ebdbb42266438fa4ad8bed7bc96dcc80e80425428959514c?s=96&d=mm&r=g","caption":"Deepocean"},"url":"https:\/\/institutoanastacio.com\/es\/author\/deepocean\/"}]}},"_links":{"self":[{"href":"https:\/\/institutoanastacio.com\/es\/wp-json\/wp\/v2\/posts\/2158","targetHints":{"allow":["GET"]}}],"collection":[{"href":"https:\/\/institutoanastacio.com\/es\/wp-json\/wp\/v2\/posts"}],"about":[{"href":"https:\/\/institutoanastacio.com\/es\/wp-json\/wp\/v2\/types\/post"}],"author":[{"embeddable":true,"href":"https:\/\/institutoanastacio.com\/es\/wp-json\/wp\/v2\/users\/2"}],"replies":[{"embeddable":true,"href":"https:\/\/institutoanastacio.com\/es\/wp-json\/wp\/v2\/comments?post=2158"}],"version-history":[{"count":1,"href":"https:\/\/institutoanastacio.com\/es\/wp-json\/wp\/v2\/posts\/2158\/revisions"}],"predecessor-version":[{"id":2163,"href":"https:\/\/institutoanastacio.com\/es\/wp-json\/wp\/v2\/posts\/2158\/revisions\/2163"}],"wp:featuredmedia":[{"embeddable":true,"href":"https:\/\/institutoanastacio.com\/es\/wp-json\/wp\/v2\/media\/2159"}],"wp:attachment":[{"href":"https:\/\/institutoanastacio.com\/es\/wp-json\/wp\/v2\/media?parent=2158"}],"wp:term":[{"taxonomy":"category","embeddable":true,"href":"https:\/\/institutoanastacio.com\/es\/wp-json\/wp\/v2\/categories?post=2158"},{"taxonomy":"post_tag","embeddable":true,"href":"https:\/\/institutoanastacio.com\/es\/wp-json\/wp\/v2\/tags?post=2158"},{"taxonomy":"eventos-futuros","embeddable":true,"href":"https:\/\/institutoanastacio.com\/es\/wp-json\/wp\/v2\/eventos-futuros?post=2158"}],"curies":[{"name":"wp","href":"https:\/\/api.w.org\/{rel}","templated":true}]}}