{"id":2112,"date":"2025-06-09T12:53:00","date_gmt":"2025-06-09T12:53:00","guid":{"rendered":"https:\/\/institutoanastacio.com\/?p=2112"},"modified":"2026-02-06T18:55:47","modified_gmt":"2026-02-06T18:55:47","slug":"aula-de-libras-promove-inclusao-e-acessibilidade-para-alunos-do-projeto-educando-para-a-vida","status":"publish","type":"post","link":"https:\/\/institutoanastacio.com\/es\/2025\/06\/09\/aula-de-libras-promove-inclusao-e-acessibilidade-para-alunos-do-projeto-educando-para-a-vida\/","title":{"rendered":"Aula de Libras promove inclus\u00e3o e acessibilidade para alunos do Projeto Educando para a Vida."},"content":{"rendered":"<p>No dia 09 de junho, o Instituto Anastacio promoveu uma aula especial de Libras (L\u00edngua Brasileira de Sinais) para os alunos do Projeto Educando para a Vida. A atividade contou com a participa\u00e7\u00e3o de aproximadamente 35 alunos e foi conduzida por Fernanda Gomes, Analista de Comex da Qu\u00edmica Anastacio.<\/p>\n\n\n\n<p>Com foco na comunica\u00e7\u00e3o b\u00e1sica em Libras, a aula teve como objetivo despertar a consci\u00eancia sobre a import\u00e2ncia da inclus\u00e3o da comunidade surda na sociedade. A iniciativa refor\u00e7a o compromisso do Instituto com a forma\u00e7\u00e3o cidad\u00e3 e a valoriza\u00e7\u00e3o da diversidade, mostrando que a linguagem de sinais \u00e9 uma ferramenta essencial para garantir o acesso \u00e0 educa\u00e7\u00e3o, \u00e0 informa\u00e7\u00e3o e ao mercado de trabalho para todos.<\/p>\n\n\n\n<p>A a\u00e7\u00e3o tamb\u00e9m evidencia o engajamento dos colaboradores da Qu\u00edmica Anastacio em causas sociais, contribuindo ativamente para a constru\u00e7\u00e3o de um futuro mais acess\u00edvel e igualit\u00e1rio.<\/p>\n\n\n\n<figure class=\"wp-block-image size-large\"><img fetchpriority=\"high\" decoding=\"async\" width=\"1024\" height=\"1024\" src=\"https:\/\/institutoanastacio.com\/wp-content\/uploads\/2025\/07\/Aula-de-Libras-1024x1024.jpg\" alt=\"\" class=\"wp-image-2114\" srcset=\"https:\/\/institutoanastacio.com\/wp-content\/uploads\/2025\/07\/Aula-de-Libras-1024x1024.jpg 1024w, https:\/\/institutoanastacio.com\/wp-content\/uploads\/2025\/07\/Aula-de-Libras-300x300.jpg 300w, https:\/\/institutoanastacio.com\/wp-content\/uploads\/2025\/07\/Aula-de-Libras-150x150.jpg 150w, https:\/\/institutoanastacio.com\/wp-content\/uploads\/2025\/07\/Aula-de-Libras-768x768.jpg 768w, https:\/\/institutoanastacio.com\/wp-content\/uploads\/2025\/07\/Aula-de-Libras-1536x1536.jpg 1536w, https:\/\/institutoanastacio.com\/wp-content\/uploads\/2025\/07\/Aula-de-Libras-2048x2048.jpg 2048w, https:\/\/institutoanastacio.com\/wp-content\/uploads\/2025\/07\/Aula-de-Libras-12x12.jpg 12w\" sizes=\"(max-width: 1024px) 100vw, 1024px\" \/><\/figure>","protected":false},"excerpt":{"rendered":"<p>No dia 09 de junho, o Instituto Anastacio promoveu uma aula especial de Libras (L\u00edngua Brasileira de Sinais) para os alunos do Projeto Educando para a Vida. A atividade contou com a participa\u00e7\u00e3o de aproximadamente 35 alunos e foi conduzida por Fernanda Gomes, Analista de Comex da Qu\u00edmica Anastacio. Com foco na comunica\u00e7\u00e3o b\u00e1sica em [&hellip;]<\/p>","protected":false},"author":2,"featured_media":2113,"comment_status":"closed","ping_status":"closed","sticky":false,"template":"","format":"standard","meta":{"footnotes":""},"categories":[56],"tags":[],"eventos-futuros":[],"class_list":["post-2112","post","type-post","status-publish","format-standard","has-post-thumbnail","hentry","category-news"],"yoast_head":"<!-- This site is optimized with the Yoast SEO Premium plugin v22.0 (Yoast SEO v25.3) - https:\/\/yoast.com\/wordpress\/plugins\/seo\/ -->\n<title>Aula de Libras promove inclus\u00e3o e acessibilidade para alunos do Projeto Educando para a Vida. - Instituto Anastacio<\/title>\n<meta name=\"robots\" content=\"index, follow, max-snippet:-1, max-image-preview:large, max-video-preview:-1\" \/>\n<link rel=\"canonical\" href=\"https:\/\/institutoanastacio.com\/es\/2025\/06\/09\/aula-de-libras-promove-inclusao-e-acessibilidade-para-alunos-do-projeto-educando-para-a-vida\/\" \/>\n<meta property=\"og:locale\" content=\"es_ES\" \/>\n<meta property=\"og:type\" content=\"article\" \/>\n<meta property=\"og:title\" content=\"Aula de Libras promove inclus\u00e3o e acessibilidade para alunos do Projeto Educando para a Vida.\" \/>\n<meta property=\"og:description\" content=\"No dia 09 de junho, o Instituto Anastacio promoveu uma aula especial de Libras (L\u00edngua Brasileira de Sinais) para os alunos do Projeto Educando para a Vida. A atividade contou com a participa\u00e7\u00e3o de aproximadamente 35 alunos e foi conduzida por Fernanda Gomes, Analista de Comex da Qu\u00edmica Anastacio. Com foco na comunica\u00e7\u00e3o b\u00e1sica em [&hellip;]\" \/>\n<meta property=\"og:url\" content=\"https:\/\/institutoanastacio.com\/es\/2025\/06\/09\/aula-de-libras-promove-inclusao-e-acessibilidade-para-alunos-do-projeto-educando-para-a-vida\/\" \/>\n<meta property=\"og:site_name\" content=\"Instituto Anastacio\" \/>\n<meta property=\"article:publisher\" content=\"https:\/\/www.facebook.com\/quimicaanastacio\/\" \/>\n<meta property=\"article:published_time\" content=\"2025-06-09T12:53:00+00:00\" \/>\n<meta property=\"article:modified_time\" content=\"2026-02-06T18:55:47+00:00\" \/>\n<meta property=\"og:image\" content=\"https:\/\/institutoanastacio.com\/wp-content\/uploads\/2025\/07\/AulaDeLibras.jpg\" \/>\n\t<meta property=\"og:image:width\" content=\"1280\" \/>\n\t<meta property=\"og:image:height\" content=\"960\" \/>\n\t<meta property=\"og:image:type\" content=\"image\/jpeg\" \/>\n<meta name=\"author\" content=\"Deepocean\" \/>\n<meta name=\"twitter:card\" content=\"summary_large_image\" \/>\n<meta name=\"twitter:label1\" content=\"Escrito por\" \/>\n\t<meta name=\"twitter:data1\" content=\"Deepocean\" \/>\n\t<meta name=\"twitter:label2\" content=\"Tiempo de lectura\" \/>\n\t<meta name=\"twitter:data2\" content=\"2 minutos\" \/>\n<script type=\"application\/ld+json\" class=\"yoast-schema-graph\">{\"@context\":\"https:\/\/schema.org\",\"@graph\":[{\"@type\":\"Article\",\"@id\":\"https:\/\/institutoanastacio.com\/2025\/06\/09\/aula-de-libras-promove-inclusao-e-acessibilidade-para-alunos-do-projeto-educando-para-a-vida\/#article\",\"isPartOf\":{\"@id\":\"https:\/\/institutoanastacio.com\/2025\/06\/09\/aula-de-libras-promove-inclusao-e-acessibilidade-para-alunos-do-projeto-educando-para-a-vida\/\"},\"author\":{\"name\":\"Deepocean\",\"@id\":\"https:\/\/institutoanastacio.com\/#\/schema\/person\/3c67bf9c3a37cd0f59addb1f5f5a5237\"},\"headline\":\"Aula de Libras promove inclus\u00e3o e acessibilidade para alunos do Projeto Educando para a Vida.\",\"datePublished\":\"2025-06-09T12:53:00+00:00\",\"dateModified\":\"2026-02-06T18:55:47+00:00\",\"mainEntityOfPage\":{\"@id\":\"https:\/\/institutoanastacio.com\/2025\/06\/09\/aula-de-libras-promove-inclusao-e-acessibilidade-para-alunos-do-projeto-educando-para-a-vida\/\"},\"wordCount\":171,\"publisher\":{\"@id\":\"https:\/\/institutoanastacio.com\/#organization\"},\"image\":{\"@id\":\"https:\/\/institutoanastacio.com\/2025\/06\/09\/aula-de-libras-promove-inclusao-e-acessibilidade-para-alunos-do-projeto-educando-para-a-vida\/#primaryimage\"},\"thumbnailUrl\":\"https:\/\/institutoanastacio.com\/wp-content\/uploads\/2025\/07\/AulaDeLibras.jpg\",\"articleSection\":[\"News\"],\"inLanguage\":\"es\"},{\"@type\":\"WebPage\",\"@id\":\"https:\/\/institutoanastacio.com\/2025\/06\/09\/aula-de-libras-promove-inclusao-e-acessibilidade-para-alunos-do-projeto-educando-para-a-vida\/\",\"url\":\"https:\/\/institutoanastacio.com\/2025\/06\/09\/aula-de-libras-promove-inclusao-e-acessibilidade-para-alunos-do-projeto-educando-para-a-vida\/\",\"name\":\"Aula de Libras promove inclus\u00e3o e acessibilidade para alunos do Projeto Educando para a Vida. - Instituto Anastacio\",\"isPartOf\":{\"@id\":\"https:\/\/institutoanastacio.com\/#website\"},\"primaryImageOfPage\":{\"@id\":\"https:\/\/institutoanastacio.com\/2025\/06\/09\/aula-de-libras-promove-inclusao-e-acessibilidade-para-alunos-do-projeto-educando-para-a-vida\/#primaryimage\"},\"image\":{\"@id\":\"https:\/\/institutoanastacio.com\/2025\/06\/09\/aula-de-libras-promove-inclusao-e-acessibilidade-para-alunos-do-projeto-educando-para-a-vida\/#primaryimage\"},\"thumbnailUrl\":\"https:\/\/institutoanastacio.com\/wp-content\/uploads\/2025\/07\/AulaDeLibras.jpg\",\"datePublished\":\"2025-06-09T12:53:00+00:00\",\"dateModified\":\"2026-02-06T18:55:47+00:00\",\"breadcrumb\":{\"@id\":\"https:\/\/institutoanastacio.com\/2025\/06\/09\/aula-de-libras-promove-inclusao-e-acessibilidade-para-alunos-do-projeto-educando-para-a-vida\/#breadcrumb\"},\"inLanguage\":\"es\",\"potentialAction\":[{\"@type\":\"ReadAction\",\"target\":[\"https:\/\/institutoanastacio.com\/2025\/06\/09\/aula-de-libras-promove-inclusao-e-acessibilidade-para-alunos-do-projeto-educando-para-a-vida\/\"]}]},{\"@type\":\"ImageObject\",\"inLanguage\":\"es\",\"@id\":\"https:\/\/institutoanastacio.com\/2025\/06\/09\/aula-de-libras-promove-inclusao-e-acessibilidade-para-alunos-do-projeto-educando-para-a-vida\/#primaryimage\",\"url\":\"https:\/\/institutoanastacio.com\/wp-content\/uploads\/2025\/07\/AulaDeLibras.jpg\",\"contentUrl\":\"https:\/\/institutoanastacio.com\/wp-content\/uploads\/2025\/07\/AulaDeLibras.jpg\",\"width\":1280,\"height\":960},{\"@type\":\"BreadcrumbList\",\"@id\":\"https:\/\/institutoanastacio.com\/2025\/06\/09\/aula-de-libras-promove-inclusao-e-acessibilidade-para-alunos-do-projeto-educando-para-a-vida\/#breadcrumb\",\"itemListElement\":[{\"@type\":\"ListItem\",\"position\":1,\"name\":\"Home\",\"item\":\"https:\/\/institutoanastacio.com\/\"},{\"@type\":\"ListItem\",\"position\":2,\"name\":\"Aula de Libras promove inclus\u00e3o e acessibilidade para alunos do Projeto Educando para a Vida.\"}]},{\"@type\":\"WebSite\",\"@id\":\"https:\/\/institutoanastacio.com\/#website\",\"url\":\"https:\/\/institutoanastacio.com\/\",\"name\":\"Instituto Anastacio\",\"description\":\"Conectar e transformar \u00e9 a nossa qu\u00edmica.\",\"publisher\":{\"@id\":\"https:\/\/institutoanastacio.com\/#organization\"},\"potentialAction\":[{\"@type\":\"SearchAction\",\"target\":{\"@type\":\"EntryPoint\",\"urlTemplate\":\"https:\/\/institutoanastacio.com\/?s={search_term_string}\"},\"query-input\":{\"@type\":\"PropertyValueSpecification\",\"valueRequired\":true,\"valueName\":\"search_term_string\"}}],\"inLanguage\":\"es\"},{\"@type\":\"Organization\",\"@id\":\"https:\/\/institutoanastacio.com\/#organization\",\"name\":\"Instituto Anastacio\",\"url\":\"https:\/\/institutoanastacio.com\/\",\"logo\":{\"@type\":\"ImageObject\",\"inLanguage\":\"es\",\"@id\":\"https:\/\/institutoanastacio.com\/#\/schema\/logo\/image\/\",\"url\":\"https:\/\/institutoanastacio.com\/wp-content\/uploads\/2023\/11\/Sem-Titulo-7.png\",\"contentUrl\":\"https:\/\/institutoanastacio.com\/wp-content\/uploads\/2023\/11\/Sem-Titulo-7.png\",\"width\":209,\"height\":63,\"caption\":\"Instituto Anastacio\"},\"image\":{\"@id\":\"https:\/\/institutoanastacio.com\/#\/schema\/logo\/image\/\"},\"sameAs\":[\"https:\/\/www.facebook.com\/quimicaanastacio\/\",\"https:\/\/www.youtube.com\/channel\/UCburaLM-iHKEJ1QESrXzi3w\",\"https:\/\/www.instagram.com\/quimicaanastacio\/\"]},{\"@type\":\"Person\",\"@id\":\"https:\/\/institutoanastacio.com\/#\/schema\/person\/3c67bf9c3a37cd0f59addb1f5f5a5237\",\"name\":\"Deepocean\",\"image\":{\"@type\":\"ImageObject\",\"inLanguage\":\"es\",\"@id\":\"https:\/\/institutoanastacio.com\/#\/schema\/person\/image\/\",\"url\":\"https:\/\/secure.gravatar.com\/avatar\/add63df29653f1f1ebdbb42266438fa4ad8bed7bc96dcc80e80425428959514c?s=96&d=mm&r=g\",\"contentUrl\":\"https:\/\/secure.gravatar.com\/avatar\/add63df29653f1f1ebdbb42266438fa4ad8bed7bc96dcc80e80425428959514c?s=96&d=mm&r=g\",\"caption\":\"Deepocean\"},\"url\":\"https:\/\/institutoanastacio.com\/es\/author\/deepocean\/\"}]}<\/script>\n<!-- \/ Yoast SEO Premium plugin. -->","yoast_head_json":{"title":"Aula de Libras promove inclus\u00e3o e acessibilidade para alunos do Projeto Educando para a Vida. - Instituto Anastacio","robots":{"index":"index","follow":"follow","max-snippet":"max-snippet:-1","max-image-preview":"max-image-preview:large","max-video-preview":"max-video-preview:-1"},"canonical":"https:\/\/institutoanastacio.com\/es\/2025\/06\/09\/aula-de-libras-promove-inclusao-e-acessibilidade-para-alunos-do-projeto-educando-para-a-vida\/","og_locale":"es_ES","og_type":"article","og_title":"Aula de Libras promove inclus\u00e3o e acessibilidade para alunos do Projeto Educando para a Vida.","og_description":"No dia 09 de junho, o Instituto Anastacio promoveu uma aula especial de Libras (L\u00edngua Brasileira de Sinais) para os alunos do Projeto Educando para a Vida. A atividade contou com a participa\u00e7\u00e3o de aproximadamente 35 alunos e foi conduzida por Fernanda Gomes, Analista de Comex da Qu\u00edmica Anastacio. Com foco na comunica\u00e7\u00e3o b\u00e1sica em [&hellip;]","og_url":"https:\/\/institutoanastacio.com\/es\/2025\/06\/09\/aula-de-libras-promove-inclusao-e-acessibilidade-para-alunos-do-projeto-educando-para-a-vida\/","og_site_name":"Instituto Anastacio","article_publisher":"https:\/\/www.facebook.com\/quimicaanastacio\/","article_published_time":"2025-06-09T12:53:00+00:00","article_modified_time":"2026-02-06T18:55:47+00:00","og_image":[{"width":1280,"height":960,"url":"https:\/\/institutoanastacio.com\/wp-content\/uploads\/2025\/07\/AulaDeLibras.jpg","type":"image\/jpeg"}],"author":"Deepocean","twitter_card":"summary_large_image","twitter_misc":{"Escrito por":"Deepocean","Tiempo de lectura":"2 minutos"},"schema":{"@context":"https:\/\/schema.org","@graph":[{"@type":"Article","@id":"https:\/\/institutoanastacio.com\/2025\/06\/09\/aula-de-libras-promove-inclusao-e-acessibilidade-para-alunos-do-projeto-educando-para-a-vida\/#article","isPartOf":{"@id":"https:\/\/institutoanastacio.com\/2025\/06\/09\/aula-de-libras-promove-inclusao-e-acessibilidade-para-alunos-do-projeto-educando-para-a-vida\/"},"author":{"name":"Deepocean","@id":"https:\/\/institutoanastacio.com\/#\/schema\/person\/3c67bf9c3a37cd0f59addb1f5f5a5237"},"headline":"Aula de Libras promove inclus\u00e3o e acessibilidade para alunos do Projeto Educando para a Vida.","datePublished":"2025-06-09T12:53:00+00:00","dateModified":"2026-02-06T18:55:47+00:00","mainEntityOfPage":{"@id":"https:\/\/institutoanastacio.com\/2025\/06\/09\/aula-de-libras-promove-inclusao-e-acessibilidade-para-alunos-do-projeto-educando-para-a-vida\/"},"wordCount":171,"publisher":{"@id":"https:\/\/institutoanastacio.com\/#organization"},"image":{"@id":"https:\/\/institutoanastacio.com\/2025\/06\/09\/aula-de-libras-promove-inclusao-e-acessibilidade-para-alunos-do-projeto-educando-para-a-vida\/#primaryimage"},"thumbnailUrl":"https:\/\/institutoanastacio.com\/wp-content\/uploads\/2025\/07\/AulaDeLibras.jpg","articleSection":["News"],"inLanguage":"es"},{"@type":"WebPage","@id":"https:\/\/institutoanastacio.com\/2025\/06\/09\/aula-de-libras-promove-inclusao-e-acessibilidade-para-alunos-do-projeto-educando-para-a-vida\/","url":"https:\/\/institutoanastacio.com\/2025\/06\/09\/aula-de-libras-promove-inclusao-e-acessibilidade-para-alunos-do-projeto-educando-para-a-vida\/","name":"Aula de Libras promove inclus\u00e3o e acessibilidade para alunos do Projeto Educando para a Vida. - Instituto Anastacio","isPartOf":{"@id":"https:\/\/institutoanastacio.com\/#website"},"primaryImageOfPage":{"@id":"https:\/\/institutoanastacio.com\/2025\/06\/09\/aula-de-libras-promove-inclusao-e-acessibilidade-para-alunos-do-projeto-educando-para-a-vida\/#primaryimage"},"image":{"@id":"https:\/\/institutoanastacio.com\/2025\/06\/09\/aula-de-libras-promove-inclusao-e-acessibilidade-para-alunos-do-projeto-educando-para-a-vida\/#primaryimage"},"thumbnailUrl":"https:\/\/institutoanastacio.com\/wp-content\/uploads\/2025\/07\/AulaDeLibras.jpg","datePublished":"2025-06-09T12:53:00+00:00","dateModified":"2026-02-06T18:55:47+00:00","breadcrumb":{"@id":"https:\/\/institutoanastacio.com\/2025\/06\/09\/aula-de-libras-promove-inclusao-e-acessibilidade-para-alunos-do-projeto-educando-para-a-vida\/#breadcrumb"},"inLanguage":"es","potentialAction":[{"@type":"ReadAction","target":["https:\/\/institutoanastacio.com\/2025\/06\/09\/aula-de-libras-promove-inclusao-e-acessibilidade-para-alunos-do-projeto-educando-para-a-vida\/"]}]},{"@type":"ImageObject","inLanguage":"es","@id":"https:\/\/institutoanastacio.com\/2025\/06\/09\/aula-de-libras-promove-inclusao-e-acessibilidade-para-alunos-do-projeto-educando-para-a-vida\/#primaryimage","url":"https:\/\/institutoanastacio.com\/wp-content\/uploads\/2025\/07\/AulaDeLibras.jpg","contentUrl":"https:\/\/institutoanastacio.com\/wp-content\/uploads\/2025\/07\/AulaDeLibras.jpg","width":1280,"height":960},{"@type":"BreadcrumbList","@id":"https:\/\/institutoanastacio.com\/2025\/06\/09\/aula-de-libras-promove-inclusao-e-acessibilidade-para-alunos-do-projeto-educando-para-a-vida\/#breadcrumb","itemListElement":[{"@type":"ListItem","position":1,"name":"Home","item":"https:\/\/institutoanastacio.com\/"},{"@type":"ListItem","position":2,"name":"Aula de Libras promove inclus\u00e3o e acessibilidade para alunos do Projeto Educando para a Vida."}]},{"@type":"WebSite","@id":"https:\/\/institutoanastacio.com\/#website","url":"https:\/\/institutoanastacio.com\/","name":"Instituto Anastacio","description":"Conectar e transformar \u00e9 a nossa qu\u00edmica.","publisher":{"@id":"https:\/\/institutoanastacio.com\/#organization"},"potentialAction":[{"@type":"SearchAction","target":{"@type":"EntryPoint","urlTemplate":"https:\/\/institutoanastacio.com\/?s={search_term_string}"},"query-input":{"@type":"PropertyValueSpecification","valueRequired":true,"valueName":"search_term_string"}}],"inLanguage":"es"},{"@type":"Organization","@id":"https:\/\/institutoanastacio.com\/#organization","name":"Instituto Anastacio","url":"https:\/\/institutoanastacio.com\/","logo":{"@type":"ImageObject","inLanguage":"es","@id":"https:\/\/institutoanastacio.com\/#\/schema\/logo\/image\/","url":"https:\/\/institutoanastacio.com\/wp-content\/uploads\/2023\/11\/Sem-Titulo-7.png","contentUrl":"https:\/\/institutoanastacio.com\/wp-content\/uploads\/2023\/11\/Sem-Titulo-7.png","width":209,"height":63,"caption":"Instituto Anastacio"},"image":{"@id":"https:\/\/institutoanastacio.com\/#\/schema\/logo\/image\/"},"sameAs":["https:\/\/www.facebook.com\/quimicaanastacio\/","https:\/\/www.youtube.com\/channel\/UCburaLM-iHKEJ1QESrXzi3w","https:\/\/www.instagram.com\/quimicaanastacio\/"]},{"@type":"Person","@id":"https:\/\/institutoanastacio.com\/#\/schema\/person\/3c67bf9c3a37cd0f59addb1f5f5a5237","name":"Deepocean","image":{"@type":"ImageObject","inLanguage":"es","@id":"https:\/\/institutoanastacio.com\/#\/schema\/person\/image\/","url":"https:\/\/secure.gravatar.com\/avatar\/add63df29653f1f1ebdbb42266438fa4ad8bed7bc96dcc80e80425428959514c?s=96&d=mm&r=g","contentUrl":"https:\/\/secure.gravatar.com\/avatar\/add63df29653f1f1ebdbb42266438fa4ad8bed7bc96dcc80e80425428959514c?s=96&d=mm&r=g","caption":"Deepocean"},"url":"https:\/\/institutoanastacio.com\/es\/author\/deepocean\/"}]}},"_links":{"self":[{"href":"https:\/\/institutoanastacio.com\/es\/wp-json\/wp\/v2\/posts\/2112","targetHints":{"allow":["GET"]}}],"collection":[{"href":"https:\/\/institutoanastacio.com\/es\/wp-json\/wp\/v2\/posts"}],"about":[{"href":"https:\/\/institutoanastacio.com\/es\/wp-json\/wp\/v2\/types\/post"}],"author":[{"embeddable":true,"href":"https:\/\/institutoanastacio.com\/es\/wp-json\/wp\/v2\/users\/2"}],"replies":[{"embeddable":true,"href":"https:\/\/institutoanastacio.com\/es\/wp-json\/wp\/v2\/comments?post=2112"}],"version-history":[{"count":1,"href":"https:\/\/institutoanastacio.com\/es\/wp-json\/wp\/v2\/posts\/2112\/revisions"}],"predecessor-version":[{"id":2115,"href":"https:\/\/institutoanastacio.com\/es\/wp-json\/wp\/v2\/posts\/2112\/revisions\/2115"}],"wp:featuredmedia":[{"embeddable":true,"href":"https:\/\/institutoanastacio.com\/es\/wp-json\/wp\/v2\/media\/2113"}],"wp:attachment":[{"href":"https:\/\/institutoanastacio.com\/es\/wp-json\/wp\/v2\/media?parent=2112"}],"wp:term":[{"taxonomy":"category","embeddable":true,"href":"https:\/\/institutoanastacio.com\/es\/wp-json\/wp\/v2\/categories?post=2112"},{"taxonomy":"post_tag","embeddable":true,"href":"https:\/\/institutoanastacio.com\/es\/wp-json\/wp\/v2\/tags?post=2112"},{"taxonomy":"eventos-futuros","embeddable":true,"href":"https:\/\/institutoanastacio.com\/es\/wp-json\/wp\/v2\/eventos-futuros?post=2112"}],"curies":[{"name":"wp","href":"https:\/\/api.w.org\/{rel}","templated":true}]}}